{"id":86702,"date":"2021-11-11T18:13:45","date_gmt":"2021-11-11T18:13:45","guid":{"rendered":"http:\/\/cepudohonduras.org\/?p=86702"},"modified":"2021-11-11T18:13:45","modified_gmt":"2021-11-11T18:13:45","slug":"actualizacion-del-proyecto-invernadero-de-villa-mendez-la-campa-lempira","status":"publish","type":"post","link":"http:\/\/cepudohonduras.org\/index.php\/2021\/11\/11\/actualizacion-del-proyecto-invernadero-de-villa-mendez-la-campa-lempira\/","title":{"rendered":"Actualizaci\u00f3n del Proyecto Invernadero de Villa M\u00e9ndez (La Campa, Lempira)"},"content":{"rendered":"<div class=\"\" data-block=\"true\" data-editor=\"7f0n4\" data-offset-key=\"irsl-0-0\">\n<div class=\"_1mf _1mj\" data-offset-key=\"irsl-0-0\"><span data-offset-key=\"irsl-0-0\">En esta actualizaci\u00f3n del proyecto <\/span><span data-offset-key=\"irsl-1-0\">Invernadero<\/span><span data-offset-key=\"irsl-2-0\"> de Villa M\u00e9ndez, estamos muy contentos de informarles sobre las actividades y capacitaciones que uno de nuestros agr\u00f3nomos en Cepudo ha brindado. Estas familias pueden experimentar de primera mano la recompensa que el trabajo duro da. <\/span><\/div>\n<\/div>\n<div class=\"\" data-block=\"true\" data-editor=\"7f0n4\" data-offset-key=\"dbuau-0-0\">\n<div class=\"_1mf _1mj\" data-offset-key=\"dbuau-0-0\"><span data-offset-key=\"dbuau-0-0\">En este ciclo de cosecha que tuvimos se cultivaron tomates y chile dulce en donde se realizaron 7 cortes en aproximadamente dos meses, obtuvieron 160 cajas de tomates de producci\u00f3n de 30 libras cada una. En cuanto a chile dulce se obtuvo 140 cajas de producci\u00f3n de 20 libras cada una. <\/span><\/div>\n<\/div>\n<div class=\"\" data-block=\"true\" data-editor=\"7f0n4\" data-offset-key=\"c20de-0-0\">\n<div class=\"_1mf _1mj\" data-offset-key=\"c20de-0-0\"><span data-offset-key=\"c20de-0-0\">Toda esta producci\u00f3n fue comercializada en los mercados locales de Gracias, Lempira. Gracias al enorme esfuerzo de nuestros donantes en <\/span><span class=\"diy96o5h\" spellcheck=\"false\" data-offset-key=\"c20de-1-0\"><span data-offset-key=\"c20de-1-0\">Food For The Poor Inc.<\/span><\/span><span data-offset-key=\"c20de-2-0\"> estas 4 familias de bajos ingresos obtuvieron seguridad alimentaria y ingresos econ\u00f3micos favorables para una mejor calidad de vida. Con estos nuevos ingresos pretenden seguir cosechando el pr\u00f3ximo a\u00f1o y obtener mayor rendimiento en sus cosechas.<\/span><\/div>\n<\/div>\n<div class=\"\" data-block=\"true\" data-editor=\"7f0n4\" data-offset-key=\"c5gt8-0-0\"><\/div>\n<div class=\"\" data-block=\"true\" data-editor=\"7f0n4\" data-offset-key=\"5nu6r-0-0\">\n<div class=\"_1mf _1mj\" data-offset-key=\"5nu6r-0-0\"><a href=\"http:\/\/cepudohonduras.org\/wp-content\/uploads\/2021\/11\/Invernadero-Villa-Mendez-La-Campa-Lempira-Update.jpg\"><img loading=\"lazy\" class=\"alignnone size-large wp-image-86703\" src=\"http:\/\/cepudohonduras.org\/wp-content\/uploads\/2021\/11\/Invernadero-Villa-Mendez-La-Campa-Lempira-Update-1024x1024.jpg\" alt=\"\" width=\"1024\" height=\"1024\" srcset=\"http:\/\/cepudohonduras.org\/wp-content\/uploads\/2021\/11\/Invernadero-Villa-Mendez-La-Campa-Lempira-Update-1024x1024.jpg 1024w, http:\/\/cepudohonduras.org\/wp-content\/uploads\/2021\/11\/Invernadero-Villa-Mendez-La-Campa-Lempira-Update-300x300.jpg 300w, http:\/\/cepudohonduras.org\/wp-content\/uploads\/2021\/11\/Invernadero-Villa-Mendez-La-Campa-Lempira-Update-150x150.jpg 150w, http:\/\/cepudohonduras.org\/wp-content\/uploads\/2021\/11\/Invernadero-Villa-Mendez-La-Campa-Lempira-Update-768x768.jpg 768w, http:\/\/cepudohonduras.org\/wp-content\/uploads\/2021\/11\/Invernadero-Villa-Mendez-La-Campa-Lempira-Update-1536x1536.jpg 1536w, http:\/\/cepudohonduras.org\/wp-content\/uploads\/2021\/11\/Invernadero-Villa-Mendez-La-Campa-Lempira-Update-100x100.jpg 100w, http:\/\/cepudohonduras.org\/wp-content\/uploads\/2021\/11\/Invernadero-Villa-Mendez-La-Campa-Lempira-Update-140x140.jpg 140w, http:\/\/cepudohonduras.org\/wp-content\/uploads\/2021\/11\/Invernadero-Villa-Mendez-La-Campa-Lempira-Update-500x500.jpg 500w, http:\/\/cepudohonduras.org\/wp-content\/uploads\/2021\/11\/Invernadero-Villa-Mendez-La-Campa-Lempira-Update-350x350.jpg 350w, http:\/\/cepudohonduras.org\/wp-content\/uploads\/2021\/11\/Invernadero-Villa-Mendez-La-Campa-Lempira-Update-1000x1000.jpg 1000w, http:\/\/cepudohonduras.org\/wp-content\/uploads\/2021\/11\/Invernadero-Villa-Mendez-La-Campa-Lempira-Update-800x800.jpg 800w, http:\/\/cepudohonduras.org\/wp-content\/uploads\/2021\/11\/Invernadero-Villa-Mendez-La-Campa-Lempira-Update.jpg 2000w\" sizes=\"(max-width: 1024px) 100vw, 1024px\" \/><\/a><a href=\"http:\/\/cepudohonduras.org\/wp-content\/uploads\/2021\/11\/Invernadero-Villa-Mendez-La-Campa-Lempira-Update-1.jpg\"><img loading=\"lazy\" class=\"alignnone size-large wp-image-86704\" src=\"http:\/\/cepudohonduras.org\/wp-content\/uploads\/2021\/11\/Invernadero-Villa-Mendez-La-Campa-Lempira-Update-1-1024x1024.jpg\" alt=\"\" width=\"1024\" height=\"1024\" srcset=\"http:\/\/cepudohonduras.org\/wp-content\/uploads\/2021\/11\/Invernadero-Villa-Mendez-La-Campa-Lempira-Update-1-1024x1024.jpg 1024w, http:\/\/cepudohonduras.org\/wp-content\/uploads\/2021\/11\/Invernadero-Villa-Mendez-La-Campa-Lempira-Update-1-300x300.jpg 300w, http:\/\/cepudohonduras.org\/wp-content\/uploads\/2021\/11\/Invernadero-Villa-Mendez-La-Campa-Lempira-Update-1-150x150.jpg 150w, http:\/\/cepudohonduras.org\/wp-content\/uploads\/2021\/11\/Invernadero-Villa-Mendez-La-Campa-Lempira-Update-1-768x768.jpg 768w, http:\/\/cepudohonduras.org\/wp-content\/uploads\/2021\/11\/Invernadero-Villa-Mendez-La-Campa-Lempira-Update-1-1536x1536.jpg 1536w, http:\/\/cepudohonduras.org\/wp-content\/uploads\/2021\/11\/Invernadero-Villa-Mendez-La-Campa-Lempira-Update-1-100x100.jpg 100w, http:\/\/cepudohonduras.org\/wp-content\/uploads\/2021\/11\/Invernadero-Villa-Mendez-La-Campa-Lempira-Update-1-140x140.jpg 140w, http:\/\/cepudohonduras.org\/wp-content\/uploads\/2021\/11\/Invernadero-Villa-Mendez-La-Campa-Lempira-Update-1-500x500.jpg 500w, http:\/\/cepudohonduras.org\/wp-content\/uploads\/2021\/11\/Invernadero-Villa-Mendez-La-Campa-Lempira-Update-1-350x350.jpg 350w, http:\/\/cepudohonduras.org\/wp-content\/uploads\/2021\/11\/Invernadero-Villa-Mendez-La-Campa-Lempira-Update-1-1000x1000.jpg 1000w, http:\/\/cepudohonduras.org\/wp-content\/uploads\/2021\/11\/Invernadero-Villa-Mendez-La-Campa-Lempira-Update-1-800x800.jpg 800w, http:\/\/cepudohonduras.org\/wp-content\/uploads\/2021\/11\/Invernadero-Villa-Mendez-La-Campa-Lempira-Update-1.jpg 2000w\" sizes=\"(max-width: 1024px) 100vw, 1024px\" \/><\/a><a href=\"http:\/\/cepudohonduras.org\/wp-content\/uploads\/2021\/11\/Invernadero-Villa-Mendez-La-Campa-Lempira-Update-2.jpg\"><img loading=\"lazy\" class=\"alignnone size-large wp-image-86705\" src=\"http:\/\/cepudohonduras.org\/wp-content\/uploads\/2021\/11\/Invernadero-Villa-Mendez-La-Campa-Lempira-Update-2-1024x1024.jpg\" alt=\"\" width=\"1024\" height=\"1024\" srcset=\"http:\/\/cepudohonduras.org\/wp-content\/uploads\/2021\/11\/Invernadero-Villa-Mendez-La-Campa-Lempira-Update-2-1024x1024.jpg 1024w, http:\/\/cepudohonduras.org\/wp-content\/uploads\/2021\/11\/Invernadero-Villa-Mendez-La-Campa-Lempira-Update-2-300x300.jpg 300w, http:\/\/cepudohonduras.org\/wp-content\/uploads\/2021\/11\/Invernadero-Villa-Mendez-La-Campa-Lempira-Update-2-150x150.jpg 150w, http:\/\/cepudohonduras.org\/wp-content\/uploads\/2021\/11\/Invernadero-Villa-Mendez-La-Campa-Lempira-Update-2-768x768.jpg 768w, http:\/\/cepudohonduras.org\/wp-content\/uploads\/2021\/11\/Invernadero-Villa-Mendez-La-Campa-Lempira-Update-2-1536x1536.jpg 1536w, http:\/\/cepudohonduras.org\/wp-content\/uploads\/2021\/11\/Invernadero-Villa-Mendez-La-Campa-Lempira-Update-2-100x100.jpg 100w, http:\/\/cepudohonduras.org\/wp-content\/uploads\/2021\/11\/Invernadero-Villa-Mendez-La-Campa-Lempira-Update-2-140x140.jpg 140w, http:\/\/cepudohonduras.org\/wp-content\/uploads\/2021\/11\/Invernadero-Villa-Mendez-La-Campa-Lempira-Update-2-500x500.jpg 500w, http:\/\/cepudohonduras.org\/wp-content\/uploads\/2021\/11\/Invernadero-Villa-Mendez-La-Campa-Lempira-Update-2-350x350.jpg 350w, http:\/\/cepudohonduras.org\/wp-content\/uploads\/2021\/11\/Invernadero-Villa-Mendez-La-Campa-Lempira-Update-2-1000x1000.jpg 1000w, http:\/\/cepudohonduras.org\/wp-content\/uploads\/2021\/11\/Invernadero-Villa-Mendez-La-Campa-Lempira-Update-2-800x800.jpg 800w, http:\/\/cepudohonduras.org\/wp-content\/uploads\/2021\/11\/Invernadero-Villa-Mendez-La-Campa-Lempira-Update-2.jpg 2000w\" sizes=\"(max-width: 1024px) 100vw, 1024px\" \/><\/a><a href=\"http:\/\/cepudohonduras.org\/wp-content\/uploads\/2021\/11\/Invernadero-Villa-Mendez-La-Campa-Lempira-Update-3.jpg\"><img loading=\"lazy\" class=\"alignnone size-large wp-image-86706\" src=\"http:\/\/cepudohonduras.org\/wp-content\/uploads\/2021\/11\/Invernadero-Villa-Mendez-La-Campa-Lempira-Update-3-1024x1024.jpg\" alt=\"\" width=\"1024\" height=\"1024\" srcset=\"http:\/\/cepudohonduras.org\/wp-content\/uploads\/2021\/11\/Invernadero-Villa-Mendez-La-Campa-Lempira-Update-3-1024x1024.jpg 1024w, http:\/\/cepudohonduras.org\/wp-content\/uploads\/2021\/11\/Invernadero-Villa-Mendez-La-Campa-Lempira-Update-3-300x300.jpg 300w, http:\/\/cepudohonduras.org\/wp-content\/uploads\/2021\/11\/Invernadero-Villa-Mendez-La-Campa-Lempira-Update-3-150x150.jpg 150w, http:\/\/cepudohonduras.org\/wp-content\/uploads\/2021\/11\/Invernadero-Villa-Mendez-La-Campa-Lempira-Update-3-768x768.jpg 768w, http:\/\/cepudohonduras.org\/wp-content\/uploads\/2021\/11\/Invernadero-Villa-Mendez-La-Campa-Lempira-Update-3-1536x1536.jpg 1536w, http:\/\/cepudohonduras.org\/wp-content\/uploads\/2021\/11\/Invernadero-Villa-Mendez-La-Campa-Lempira-Update-3-100x100.jpg 100w, http:\/\/cepudohonduras.org\/wp-content\/uploads\/2021\/11\/Invernadero-Villa-Mendez-La-Campa-Lempira-Update-3-140x140.jpg 140w, http:\/\/cepudohonduras.org\/wp-content\/uploads\/2021\/11\/Invernadero-Villa-Mendez-La-Campa-Lempira-Update-3-500x500.jpg 500w, http:\/\/cepudohonduras.org\/wp-content\/uploads\/2021\/11\/Invernadero-Villa-Mendez-La-Campa-Lempira-Update-3-350x350.jpg 350w, http:\/\/cepudohonduras.org\/wp-content\/uploads\/2021\/11\/Invernadero-Villa-Mendez-La-Campa-Lempira-Update-3-1000x1000.jpg 1000w, http:\/\/cepudohonduras.org\/wp-content\/uploads\/2021\/11\/Invernadero-Villa-Mendez-La-Campa-Lempira-Update-3-800x800.jpg 800w, http:\/\/cepudohonduras.org\/wp-content\/uploads\/2021\/11\/Invernadero-Villa-Mendez-La-Campa-Lempira-Update-3.jpg 2000w\" sizes=\"(max-width: 1024px) 100vw, 1024px\" \/><\/a><a href=\"http:\/\/cepudohonduras.org\/wp-content\/uploads\/2021\/11\/Invernadero-Villa-Mendez-La-Campa-Lempira-Update-4.jpg\"><img loading=\"lazy\" class=\"alignnone size-large wp-image-86707\" src=\"http:\/\/cepudohonduras.org\/wp-content\/uploads\/2021\/11\/Invernadero-Villa-Mendez-La-Campa-Lempira-Update-4-1024x1024.jpg\" alt=\"\" width=\"1024\" height=\"1024\" srcset=\"http:\/\/cepudohonduras.org\/wp-content\/uploads\/2021\/11\/Invernadero-Villa-Mendez-La-Campa-Lempira-Update-4-1024x1024.jpg 1024w, http:\/\/cepudohonduras.org\/wp-content\/uploads\/2021\/11\/Invernadero-Villa-Mendez-La-Campa-Lempira-Update-4-300x300.jpg 300w, http:\/\/cepudohonduras.org\/wp-content\/uploads\/2021\/11\/Invernadero-Villa-Mendez-La-Campa-Lempira-Update-4-150x150.jpg 150w, http:\/\/cepudohonduras.org\/wp-content\/uploads\/2021\/11\/Invernadero-Villa-Mendez-La-Campa-Lempira-Update-4-768x768.jpg 768w, http:\/\/cepudohonduras.org\/wp-content\/uploads\/2021\/11\/Invernadero-Villa-Mendez-La-Campa-Lempira-Update-4-1536x1536.jpg 1536w, http:\/\/cepudohonduras.org\/wp-content\/uploads\/2021\/11\/Invernadero-Villa-Mendez-La-Campa-Lempira-Update-4-100x100.jpg 100w, http:\/\/cepudohonduras.org\/wp-content\/uploads\/2021\/11\/Invernadero-Villa-Mendez-La-Campa-Lempira-Update-4-140x140.jpg 140w, http:\/\/cepudohonduras.org\/wp-content\/uploads\/2021\/11\/Invernadero-Villa-Mendez-La-Campa-Lempira-Update-4-500x500.jpg 500w, http:\/\/cepudohonduras.org\/wp-content\/uploads\/2021\/11\/Invernadero-Villa-Mendez-La-Campa-Lempira-Update-4-350x350.jpg 350w, http:\/\/cepudohonduras.org\/wp-content\/uploads\/2021\/11\/Invernadero-Villa-Mendez-La-Campa-Lempira-Update-4-1000x1000.jpg 1000w, http:\/\/cepudohonduras.org\/wp-content\/uploads\/2021\/11\/Invernadero-Villa-Mendez-La-Campa-Lempira-Update-4-800x800.jpg 800w, http:\/\/cepudohonduras.org\/wp-content\/uploads\/2021\/11\/Invernadero-Villa-Mendez-La-Campa-Lempira-Update-4.jpg 2000w\" sizes=\"(max-width: 1024px) 100vw, 1024px\" \/><\/a><a href=\"http:\/\/cepudohonduras.org\/wp-content\/uploads\/2021\/11\/Invernadero-Villa-Mendez-La-Campa-Lempira-Update-5.jpg\"><img loading=\"lazy\" class=\"alignnone size-large wp-image-86708\" src=\"http:\/\/cepudohonduras.org\/wp-content\/uploads\/2021\/11\/Invernadero-Villa-Mendez-La-Campa-Lempira-Update-5-1024x1024.jpg\" alt=\"\" width=\"1024\" height=\"1024\" srcset=\"http:\/\/cepudohonduras.org\/wp-content\/uploads\/2021\/11\/Invernadero-Villa-Mendez-La-Campa-Lempira-Update-5-1024x1024.jpg 1024w, http:\/\/cepudohonduras.org\/wp-content\/uploads\/2021\/11\/Invernadero-Villa-Mendez-La-Campa-Lempira-Update-5-300x300.jpg 300w, http:\/\/cepudohonduras.org\/wp-content\/uploads\/2021\/11\/Invernadero-Villa-Mendez-La-Campa-Lempira-Update-5-150x150.jpg 150w, http:\/\/cepudohonduras.org\/wp-content\/uploads\/2021\/11\/Invernadero-Villa-Mendez-La-Campa-Lempira-Update-5-768x768.jpg 768w, http:\/\/cepudohonduras.org\/wp-content\/uploads\/2021\/11\/Invernadero-Villa-Mendez-La-Campa-Lempira-Update-5-1536x1536.jpg 1536w, http:\/\/cepudohonduras.org\/wp-content\/uploads\/2021\/11\/Invernadero-Villa-Mendez-La-Campa-Lempira-Update-5-100x100.jpg 100w, http:\/\/cepudohonduras.org\/wp-content\/uploads\/2021\/11\/Invernadero-Villa-Mendez-La-Campa-Lempira-Update-5-140x140.jpg 140w, http:\/\/cepudohonduras.org\/wp-content\/uploads\/2021\/11\/Invernadero-Villa-Mendez-La-Campa-Lempira-Update-5-500x500.jpg 500w, http:\/\/cepudohonduras.org\/wp-content\/uploads\/2021\/11\/Invernadero-Villa-Mendez-La-Campa-Lempira-Update-5-350x350.jpg 350w, http:\/\/cepudohonduras.org\/wp-content\/uploads\/2021\/11\/Invernadero-Villa-Mendez-La-Campa-Lempira-Update-5-1000x1000.jpg 1000w, http:\/\/cepudohonduras.org\/wp-content\/uploads\/2021\/11\/Invernadero-Villa-Mendez-La-Campa-Lempira-Update-5-800x800.jpg 800w, http:\/\/cepudohonduras.org\/wp-content\/uploads\/2021\/11\/Invernadero-Villa-Mendez-La-Campa-Lempira-Update-5.jpg 2000w\" sizes=\"(max-width: 1024px) 100vw, 1024px\" \/><\/a><a href=\"http:\/\/cepudohonduras.org\/wp-content\/uploads\/2021\/11\/Invernadero-Villa-Mendez-La-Campa-Lempira-Update-6.jpg\"><img loading=\"lazy\" class=\"alignnone size-large wp-image-86709\" src=\"http:\/\/cepudohonduras.org\/wp-content\/uploads\/2021\/11\/Invernadero-Villa-Mendez-La-Campa-Lempira-Update-6-1024x1024.jpg\" alt=\"\" width=\"1024\" height=\"1024\" srcset=\"http:\/\/cepudohonduras.org\/wp-content\/uploads\/2021\/11\/Invernadero-Villa-Mendez-La-Campa-Lempira-Update-6-1024x1024.jpg 1024w, http:\/\/cepudohonduras.org\/wp-content\/uploads\/2021\/11\/Invernadero-Villa-Mendez-La-Campa-Lempira-Update-6-300x300.jpg 300w, http:\/\/cepudohonduras.org\/wp-content\/uploads\/2021\/11\/Invernadero-Villa-Mendez-La-Campa-Lempira-Update-6-150x150.jpg 150w, http:\/\/cepudohonduras.org\/wp-content\/uploads\/2021\/11\/Invernadero-Villa-Mendez-La-Campa-Lempira-Update-6-768x768.jpg 768w, http:\/\/cepudohonduras.org\/wp-content\/uploads\/2021\/11\/Invernadero-Villa-Mendez-La-Campa-Lempira-Update-6-1536x1536.jpg 1536w, http:\/\/cepudohonduras.org\/wp-content\/uploads\/2021\/11\/Invernadero-Villa-Mendez-La-Campa-Lempira-Update-6-100x100.jpg 100w, http:\/\/cepudohonduras.org\/wp-content\/uploads\/2021\/11\/Invernadero-Villa-Mendez-La-Campa-Lempira-Update-6-140x140.jpg 140w, http:\/\/cepudohonduras.org\/wp-content\/uploads\/2021\/11\/Invernadero-Villa-Mendez-La-Campa-Lempira-Update-6-500x500.jpg 500w, http:\/\/cepudohonduras.org\/wp-content\/uploads\/2021\/11\/Invernadero-Villa-Mendez-La-Campa-Lempira-Update-6-350x350.jpg 350w, http:\/\/cepudohonduras.org\/wp-content\/uploads\/2021\/11\/Invernadero-Villa-Mendez-La-Campa-Lempira-Update-6-1000x1000.jpg 1000w, http:\/\/cepudohonduras.org\/wp-content\/uploads\/2021\/11\/Invernadero-Villa-Mendez-La-Campa-Lempira-Update-6-800x800.jpg 800w, http:\/\/cepudohonduras.org\/wp-content\/uploads\/2021\/11\/Invernadero-Villa-Mendez-La-Campa-Lempira-Update-6.jpg 2000w\" sizes=\"(max-width: 1024px) 100vw, 1024px\" \/><\/a><\/div>\n<\/div>\n","protected":false},"excerpt":{"rendered":"<p>En esta actualizaci\u00f3n del proyecto Invernadero de Villa M\u00e9ndez, estamos muy contentos de informarles sobre las actividades y capacitaciones que uno de nuestros agr\u00f3nomos en Cepudo ha brindado. Estas familias&#8230;<\/p>\n","protected":false},"author":4,"featured_media":86706,"comment_status":"closed","ping_status":"open","sticky":false,"template":"","format":"standard","meta":[],"categories":[18,132,10,19,16],"tags":[],"_links":{"self":[{"href":"http:\/\/cepudohonduras.org\/index.php\/wp-json\/wp\/v2\/posts\/86702"}],"collection":[{"href":"http:\/\/cepudohonduras.org\/index.php\/wp-json\/wp\/v2\/posts"}],"about":[{"href":"http:\/\/cepudohonduras.org\/index.php\/wp-json\/wp\/v2\/types\/post"}],"author":[{"embeddable":true,"href":"http:\/\/cepudohonduras.org\/index.php\/wp-json\/wp\/v2\/users\/4"}],"replies":[{"embeddable":true,"href":"http:\/\/cepudohonduras.org\/index.php\/wp-json\/wp\/v2\/comments?post=86702"}],"version-history":[{"count":1,"href":"http:\/\/cepudohonduras.org\/index.php\/wp-json\/wp\/v2\/posts\/86702\/revisions"}],"predecessor-version":[{"id":86710,"href":"http:\/\/cepudohonduras.org\/index.php\/wp-json\/wp\/v2\/posts\/86702\/revisions\/86710"}],"wp:featuredmedia":[{"embeddable":true,"href":"http:\/\/cepudohonduras.org\/index.php\/wp-json\/wp\/v2\/media\/86706"}],"wp:attachment":[{"href":"http:\/\/cepudohonduras.org\/index.php\/wp-json\/wp\/v2\/media?parent=86702"}],"wp:term":[{"taxonomy":"category","embeddable":true,"href":"http:\/\/cepudohonduras.org\/index.php\/wp-json\/wp\/v2\/categories?post=86702"},{"taxonomy":"post_tag","embeddable":true,"href":"http:\/\/cepudohonduras.org\/index.php\/wp-json\/wp\/v2\/tags?post=86702"}],"curies":[{"name":"wp","href":"https:\/\/api.w.org\/{rel}","templated":true}]}}