{"id":86262,"date":"2021-07-20T16:40:24","date_gmt":"2021-07-20T16:40:24","guid":{"rendered":"http:\/\/cepudohonduras.org\/?p=86262"},"modified":"2021-07-20T16:41:17","modified_gmt":"2021-07-20T16:41:17","slug":"centro-de-acopio-y-procesamiento-de-cafe-marcala-la-paz","status":"publish","type":"post","link":"http:\/\/cepudohonduras.org\/index.php\/2021\/07\/20\/centro-de-acopio-y-procesamiento-de-cafe-marcala-la-paz\/","title":{"rendered":"Centro de Acopio y Procesamiento de Caf\u00e9 (Marcala, La Paz)"},"content":{"rendered":"<p>Nuestro proyecto de Centro de Acopio y Procesamiento de Caf\u00e9 junto a la Cooperativa COMBRIFOL de Marcala, La Paz ha sido un completo \u00e9xito. Gracias a CEPUDO y nuestros donantes en Food for the Poor, hemos logrado que esta cooperativa adquiera su licencia de exportaci\u00f3n, aumentando el ingreso de los 150 productores de caf\u00e9 asociados a esta cooperativa. Tambi\u00e9n en nuestro centro de procesamiento logramos proveer empleo a 20 mujeres que se encargan del proceso de selecci\u00f3n manual del grano de caf\u00e9, gracias a la construcci\u00f3n de mesas de acero inoxidable. Extendemos nuestro agradecimiento a Manos Unidas de Espa\u00f1a por su colaboraci\u00f3n en la compra del equipo de procesamiento del caf\u00e9.<\/p>\n<p>#foodforthepoor #proyectoscepudo #gno<br \/>\n#organicgrowncoffee #marcalaorigin #denominaciondeorigenmarcala #cafeexportacion<\/p>\n<p><a href=\"http:\/\/cepudohonduras.org\/wp-content\/uploads\/2021\/07\/Centro-de-Acopio-Marcala-La-Paz-1.jpg\"><img loading=\"lazy\" src=\"http:\/\/cepudohonduras.org\/wp-content\/uploads\/2021\/07\/Centro-de-Acopio-Marcala-La-Paz-1-300x300.jpg\" alt=\"\" width=\"300\" height=\"300\" class=\"aligncenter size-medium wp-image-86263\" srcset=\"http:\/\/cepudohonduras.org\/wp-content\/uploads\/2021\/07\/Centro-de-Acopio-Marcala-La-Paz-1-300x300.jpg 300w, http:\/\/cepudohonduras.org\/wp-content\/uploads\/2021\/07\/Centro-de-Acopio-Marcala-La-Paz-1-1024x1024.jpg 1024w, http:\/\/cepudohonduras.org\/wp-content\/uploads\/2021\/07\/Centro-de-Acopio-Marcala-La-Paz-1-150x150.jpg 150w, http:\/\/cepudohonduras.org\/wp-content\/uploads\/2021\/07\/Centro-de-Acopio-Marcala-La-Paz-1-768x768.jpg 768w, http:\/\/cepudohonduras.org\/wp-content\/uploads\/2021\/07\/Centro-de-Acopio-Marcala-La-Paz-1-1536x1536.jpg 1536w, http:\/\/cepudohonduras.org\/wp-content\/uploads\/2021\/07\/Centro-de-Acopio-Marcala-La-Paz-1-100x100.jpg 100w, http:\/\/cepudohonduras.org\/wp-content\/uploads\/2021\/07\/Centro-de-Acopio-Marcala-La-Paz-1-140x140.jpg 140w, http:\/\/cepudohonduras.org\/wp-content\/uploads\/2021\/07\/Centro-de-Acopio-Marcala-La-Paz-1-500x500.jpg 500w, http:\/\/cepudohonduras.org\/wp-content\/uploads\/2021\/07\/Centro-de-Acopio-Marcala-La-Paz-1-350x350.jpg 350w, http:\/\/cepudohonduras.org\/wp-content\/uploads\/2021\/07\/Centro-de-Acopio-Marcala-La-Paz-1-1000x1000.jpg 1000w, http:\/\/cepudohonduras.org\/wp-content\/uploads\/2021\/07\/Centro-de-Acopio-Marcala-La-Paz-1-800x800.jpg 800w, http:\/\/cepudohonduras.org\/wp-content\/uploads\/2021\/07\/Centro-de-Acopio-Marcala-La-Paz-1.jpg 2000w\" sizes=\"(max-width: 300px) 100vw, 300px\" \/><\/a><a href=\"http:\/\/cepudohonduras.org\/wp-content\/uploads\/2021\/07\/Centro-de-Acopio-Marcala-La-Paz-2.jpg\"><img loading=\"lazy\" src=\"http:\/\/cepudohonduras.org\/wp-content\/uploads\/2021\/07\/Centro-de-Acopio-Marcala-La-Paz-2-300x300.jpg\" alt=\"\" width=\"300\" height=\"300\" class=\"aligncenter size-medium wp-image-86264\" srcset=\"http:\/\/cepudohonduras.org\/wp-content\/uploads\/2021\/07\/Centro-de-Acopio-Marcala-La-Paz-2-300x300.jpg 300w, http:\/\/cepudohonduras.org\/wp-content\/uploads\/2021\/07\/Centro-de-Acopio-Marcala-La-Paz-2-1024x1024.jpg 1024w, http:\/\/cepudohonduras.org\/wp-content\/uploads\/2021\/07\/Centro-de-Acopio-Marcala-La-Paz-2-150x150.jpg 150w, http:\/\/cepudohonduras.org\/wp-content\/uploads\/2021\/07\/Centro-de-Acopio-Marcala-La-Paz-2-768x768.jpg 768w, http:\/\/cepudohonduras.org\/wp-content\/uploads\/2021\/07\/Centro-de-Acopio-Marcala-La-Paz-2-1536x1536.jpg 1536w, http:\/\/cepudohonduras.org\/wp-content\/uploads\/2021\/07\/Centro-de-Acopio-Marcala-La-Paz-2-100x100.jpg 100w, http:\/\/cepudohonduras.org\/wp-content\/uploads\/2021\/07\/Centro-de-Acopio-Marcala-La-Paz-2-140x140.jpg 140w, http:\/\/cepudohonduras.org\/wp-content\/uploads\/2021\/07\/Centro-de-Acopio-Marcala-La-Paz-2-500x500.jpg 500w, http:\/\/cepudohonduras.org\/wp-content\/uploads\/2021\/07\/Centro-de-Acopio-Marcala-La-Paz-2-350x350.jpg 350w, http:\/\/cepudohonduras.org\/wp-content\/uploads\/2021\/07\/Centro-de-Acopio-Marcala-La-Paz-2-1000x1000.jpg 1000w, http:\/\/cepudohonduras.org\/wp-content\/uploads\/2021\/07\/Centro-de-Acopio-Marcala-La-Paz-2-800x800.jpg 800w, http:\/\/cepudohonduras.org\/wp-content\/uploads\/2021\/07\/Centro-de-Acopio-Marcala-La-Paz-2.jpg 2000w\" sizes=\"(max-width: 300px) 100vw, 300px\" \/><\/a><a href=\"http:\/\/cepudohonduras.org\/wp-content\/uploads\/2021\/07\/Centro-de-Acopio-Marcala-La-Paz-3.jpg\"><img loading=\"lazy\" src=\"http:\/\/cepudohonduras.org\/wp-content\/uploads\/2021\/07\/Centro-de-Acopio-Marcala-La-Paz-3-300x300.jpg\" alt=\"\" width=\"300\" height=\"300\" class=\"aligncenter size-medium wp-image-86265\" srcset=\"http:\/\/cepudohonduras.org\/wp-content\/uploads\/2021\/07\/Centro-de-Acopio-Marcala-La-Paz-3-300x300.jpg 300w, http:\/\/cepudohonduras.org\/wp-content\/uploads\/2021\/07\/Centro-de-Acopio-Marcala-La-Paz-3-1024x1024.jpg 1024w, http:\/\/cepudohonduras.org\/wp-content\/uploads\/2021\/07\/Centro-de-Acopio-Marcala-La-Paz-3-150x150.jpg 150w, http:\/\/cepudohonduras.org\/wp-content\/uploads\/2021\/07\/Centro-de-Acopio-Marcala-La-Paz-3-768x768.jpg 768w, http:\/\/cepudohonduras.org\/wp-content\/uploads\/2021\/07\/Centro-de-Acopio-Marcala-La-Paz-3-1536x1536.jpg 1536w, http:\/\/cepudohonduras.org\/wp-content\/uploads\/2021\/07\/Centro-de-Acopio-Marcala-La-Paz-3-100x100.jpg 100w, http:\/\/cepudohonduras.org\/wp-content\/uploads\/2021\/07\/Centro-de-Acopio-Marcala-La-Paz-3-140x140.jpg 140w, http:\/\/cepudohonduras.org\/wp-content\/uploads\/2021\/07\/Centro-de-Acopio-Marcala-La-Paz-3-500x500.jpg 500w, http:\/\/cepudohonduras.org\/wp-content\/uploads\/2021\/07\/Centro-de-Acopio-Marcala-La-Paz-3-350x350.jpg 350w, http:\/\/cepudohonduras.org\/wp-content\/uploads\/2021\/07\/Centro-de-Acopio-Marcala-La-Paz-3-1000x1000.jpg 1000w, http:\/\/cepudohonduras.org\/wp-content\/uploads\/2021\/07\/Centro-de-Acopio-Marcala-La-Paz-3-800x800.jpg 800w, http:\/\/cepudohonduras.org\/wp-content\/uploads\/2021\/07\/Centro-de-Acopio-Marcala-La-Paz-3.jpg 2000w\" sizes=\"(max-width: 300px) 100vw, 300px\" \/><\/a><a href=\"http:\/\/cepudohonduras.org\/wp-content\/uploads\/2021\/07\/Centro-de-Acopio-Marcala-La-Paz-4.jpg\"><img loading=\"lazy\" src=\"http:\/\/cepudohonduras.org\/wp-content\/uploads\/2021\/07\/Centro-de-Acopio-Marcala-La-Paz-4-300x300.jpg\" alt=\"\" width=\"300\" height=\"300\" class=\"aligncenter size-medium wp-image-86266\" srcset=\"http:\/\/cepudohonduras.org\/wp-content\/uploads\/2021\/07\/Centro-de-Acopio-Marcala-La-Paz-4-300x300.jpg 300w, http:\/\/cepudohonduras.org\/wp-content\/uploads\/2021\/07\/Centro-de-Acopio-Marcala-La-Paz-4-1024x1024.jpg 1024w, http:\/\/cepudohonduras.org\/wp-content\/uploads\/2021\/07\/Centro-de-Acopio-Marcala-La-Paz-4-150x150.jpg 150w, http:\/\/cepudohonduras.org\/wp-content\/uploads\/2021\/07\/Centro-de-Acopio-Marcala-La-Paz-4-768x768.jpg 768w, http:\/\/cepudohonduras.org\/wp-content\/uploads\/2021\/07\/Centro-de-Acopio-Marcala-La-Paz-4-1536x1536.jpg 1536w, http:\/\/cepudohonduras.org\/wp-content\/uploads\/2021\/07\/Centro-de-Acopio-Marcala-La-Paz-4-100x100.jpg 100w, http:\/\/cepudohonduras.org\/wp-content\/uploads\/2021\/07\/Centro-de-Acopio-Marcala-La-Paz-4-140x140.jpg 140w, http:\/\/cepudohonduras.org\/wp-content\/uploads\/2021\/07\/Centro-de-Acopio-Marcala-La-Paz-4-500x500.jpg 500w, http:\/\/cepudohonduras.org\/wp-content\/uploads\/2021\/07\/Centro-de-Acopio-Marcala-La-Paz-4-350x350.jpg 350w, http:\/\/cepudohonduras.org\/wp-content\/uploads\/2021\/07\/Centro-de-Acopio-Marcala-La-Paz-4-1000x1000.jpg 1000w, http:\/\/cepudohonduras.org\/wp-content\/uploads\/2021\/07\/Centro-de-Acopio-Marcala-La-Paz-4-800x800.jpg 800w, http:\/\/cepudohonduras.org\/wp-content\/uploads\/2021\/07\/Centro-de-Acopio-Marcala-La-Paz-4.jpg 2000w\" sizes=\"(max-width: 300px) 100vw, 300px\" \/><\/a><a href=\"http:\/\/cepudohonduras.org\/wp-content\/uploads\/2021\/07\/Centro-de-Acopio-Marcala-La-Paz.jpg\"><img loading=\"lazy\" src=\"http:\/\/cepudohonduras.org\/wp-content\/uploads\/2021\/07\/Centro-de-Acopio-Marcala-La-Paz-300x300.jpg\" alt=\"\" width=\"300\" height=\"300\" class=\"aligncenter size-medium wp-image-86267\" srcset=\"http:\/\/cepudohonduras.org\/wp-content\/uploads\/2021\/07\/Centro-de-Acopio-Marcala-La-Paz-300x300.jpg 300w, http:\/\/cepudohonduras.org\/wp-content\/uploads\/2021\/07\/Centro-de-Acopio-Marcala-La-Paz-1024x1024.jpg 1024w, http:\/\/cepudohonduras.org\/wp-content\/uploads\/2021\/07\/Centro-de-Acopio-Marcala-La-Paz-150x150.jpg 150w, http:\/\/cepudohonduras.org\/wp-content\/uploads\/2021\/07\/Centro-de-Acopio-Marcala-La-Paz-768x768.jpg 768w, http:\/\/cepudohonduras.org\/wp-content\/uploads\/2021\/07\/Centro-de-Acopio-Marcala-La-Paz-1536x1536.jpg 1536w, http:\/\/cepudohonduras.org\/wp-content\/uploads\/2021\/07\/Centro-de-Acopio-Marcala-La-Paz-100x100.jpg 100w, http:\/\/cepudohonduras.org\/wp-content\/uploads\/2021\/07\/Centro-de-Acopio-Marcala-La-Paz-140x140.jpg 140w, http:\/\/cepudohonduras.org\/wp-content\/uploads\/2021\/07\/Centro-de-Acopio-Marcala-La-Paz-500x500.jpg 500w, http:\/\/cepudohonduras.org\/wp-content\/uploads\/2021\/07\/Centro-de-Acopio-Marcala-La-Paz-350x350.jpg 350w, http:\/\/cepudohonduras.org\/wp-content\/uploads\/2021\/07\/Centro-de-Acopio-Marcala-La-Paz-1000x1000.jpg 1000w, http:\/\/cepudohonduras.org\/wp-content\/uploads\/2021\/07\/Centro-de-Acopio-Marcala-La-Paz-800x800.jpg 800w, http:\/\/cepudohonduras.org\/wp-content\/uploads\/2021\/07\/Centro-de-Acopio-Marcala-La-Paz.jpg 2000w\" sizes=\"(max-width: 300px) 100vw, 300px\" \/><\/a><\/p>\n","protected":false},"excerpt":{"rendered":"<p>Nuestro proyecto de Centro de Acopio y Procesamiento de Caf\u00e9 junto a la Cooperativa COMBRIFOL de Marcala, La Paz ha sido un completo \u00e9xito. Gracias a CEPUDO y nuestros donantes&#8230;<\/p>\n","protected":false},"author":4,"featured_media":0,"comment_status":"closed","ping_status":"open","sticky":false,"template":"","format":"standard","meta":[],"categories":[16,1],"tags":[],"_links":{"self":[{"href":"http:\/\/cepudohonduras.org\/index.php\/wp-json\/wp\/v2\/posts\/86262"}],"collection":[{"href":"http:\/\/cepudohonduras.org\/index.php\/wp-json\/wp\/v2\/posts"}],"about":[{"href":"http:\/\/cepudohonduras.org\/index.php\/wp-json\/wp\/v2\/types\/post"}],"author":[{"embeddable":true,"href":"http:\/\/cepudohonduras.org\/index.php\/wp-json\/wp\/v2\/users\/4"}],"replies":[{"embeddable":true,"href":"http:\/\/cepudohonduras.org\/index.php\/wp-json\/wp\/v2\/comments?post=86262"}],"version-history":[{"count":1,"href":"http:\/\/cepudohonduras.org\/index.php\/wp-json\/wp\/v2\/posts\/86262\/revisions"}],"predecessor-version":[{"id":86268,"href":"http:\/\/cepudohonduras.org\/index.php\/wp-json\/wp\/v2\/posts\/86262\/revisions\/86268"}],"wp:attachment":[{"href":"http:\/\/cepudohonduras.org\/index.php\/wp-json\/wp\/v2\/media?parent=86262"}],"wp:term":[{"taxonomy":"category","embeddable":true,"href":"http:\/\/cepudohonduras.org\/index.php\/wp-json\/wp\/v2\/categories?post=86262"},{"taxonomy":"post_tag","embeddable":true,"href":"http:\/\/cepudohonduras.org\/index.php\/wp-json\/wp\/v2\/tags?post=86262"}],"curies":[{"name":"wp","href":"https:\/\/api.w.org\/{rel}","templated":true}]}}